{"id":6663,"date":"2026-09-04T08:48:55","date_gmt":"2026-09-04T08:48:55","guid":{"rendered":"https:\/\/www.caminiatravel.com\/caminiatravel\/?p=6663"},"modified":"2026-09-04T08:55:14","modified_gmt":"2026-09-04T08:55:14","slug":"automne-dans-la-sila","status":"publish","type":"post","link":"https:\/\/www.caminiatravel.com\/caminiatravel\/automne-dans-la-sila\/?lang=fr","title":{"rendered":"Automne dans la Sila"},"content":{"rendered":"<p>L\u2019automne dans les montagnes de la Sila est une p\u00e9riode magique.<\/p>\n<p>La for\u00eat se remplit de couleurs chaleureuses, l\u2019air devient vivifiant et la nature offre toutes les merveilles de la saison, avec les champignons et les ch\u00e2taignes en t\u00eate. \ud83c\udf30\ud83c\udf44<\/p>\n<p>Pour c\u00e9l\u00e9brer ce moment privil\u00e9gi\u00e9, <strong>tous les week-ends du mois d\u2019octobre<\/strong>, des \u00e9v\u00e9nements auront lieu \u00e0 <strong>Camigliatello<\/strong>, le c\u0153ur de la Sila Grande.<\/p>\n<p>Au programme : stands gastronomiques pour d\u00e9guster les sp\u00e9cialit\u00e9s locales, activit\u00e9s, spectacles et d\u00e9couvertes d\u2019un territoire unique de Calabre, dont les paysages rappellent ceux de la Su\u00e8de. \ud83c\uddee\ud83c\uddf9\ud83c\udf32<\/p>\n<p>Si vous avez envie de vivre un moment de partage avec les habitants et de d\u00e9couvrir la Sila au rythme de la vie locale, <strong>il est encore possible de r\u00e9server votre s\u00e9jour avec Caminia Travel<\/strong>.<\/p>\n<p>\ud83c\udf41 Une autre Calabre vous attend.<\/p>\n<p>&#8212;&#8212;&#8212;&#8212;&#8212;&#8212;&#8212;&#8212;&#8212;&#8212;&#8212;&#8212;&#8212;&#8212;&#8212;&#8212;&#8212;&#8212;&#8212;&#8212;&#8212;&#8212;&#8212;&#8212;&#8212;&#8212;&#8212;&#8212;&#8212;&#8212;&#8212;&#8212;&#8212;&#8212;&#8212;&#8212;&#8212;&#8212;&#8212;&#8212;&#8212;&#8212;&#8212;&#8212;&#8212;&#8212;&#8212;&#8212;<\/p>\n<div class=\"fusion-content-tb fusion-content-tb-1\">\n<ul>\n<li>D\u00e9couvrez les autres <a href=\"https:\/\/www.caminiatravel.com\/caminiatravel\/category\/eventi\/\">\u00e9v\u00e8nement<\/a> en Calabre<\/li>\n<li>D\u00e9couvrez plus sur la <a href=\"https:\/\/www.caminiatravel.com\/caminiatravel\/?lang=fr\">Calabre<\/a><\/li>\n<\/ul>\n<\/div>\n<p>&nbsp;<\/p>\n","protected":false},"excerpt":{"rendered":"<p>L\u2019automne dans les montagnes de la Sila est une p\u00e9riode  [&#8230;]<\/p>\n","protected":false},"author":2,"featured_media":6660,"comment_status":"closed","ping_status":"closed","sticky":false,"template":"","format":"standard","meta":{"_acf_changed":false,"footnotes":""},"categories":[226],"tags":[762,752,753,747,732,733,729,730,731,700,701,702,703,704,678,658,659,660,661,662,663,553,537,532,521,481,270,271,272,269,261,243,239,238],"class_list":["post-6663","post","type-post","status-publish","format-standard","has-post-thumbnail","hentry","category-evenements","tag-camigliatello-fr","tag-shinrin-yoku-fr","tag-bosco-archiforo-fr","tag-bike-fr","tag-lago-acero-fr","tag-kalabria-coast-to-coast-fr","tag-pizzo-fr","tag-petrizzi-fr","tag-lago-angitola-fr","tag-musaba-fr","tag-mammola-fr","tag-tiriolo-fr","tag-san-floro-fr","tag-valli-cupe-fr","tag-costa-degli-dei-fr","tag-escher-fr","tag-pentedattilo-fr","tag-monnaie-de-paris-fr","tag-rocca-imperiale-fr","tag-rossano-fr","tag-stilo-fr","tag-earl-grey","tag-vacances-dautomne","tag-fete-du-champignon","tag-serra-san-bruno-fr","tag-scilla-fr","tag-sila-fr","tag-aspromonte-fr","tag-serre-fr","tag-ciclovia-dei-parchi-fr","tag-pollino-fr","tag-tropea-fr","tag-soverato-fr","tag-calabre"],"acf":[],"_links":{"self":[{"href":"https:\/\/www.caminiatravel.com\/caminiatravel\/wp-json\/wp\/v2\/posts\/6663","targetHints":{"allow":["GET"]}}],"collection":[{"href":"https:\/\/www.caminiatravel.com\/caminiatravel\/wp-json\/wp\/v2\/posts"}],"about":[{"href":"https:\/\/www.caminiatravel.com\/caminiatravel\/wp-json\/wp\/v2\/types\/post"}],"author":[{"embeddable":true,"href":"https:\/\/www.caminiatravel.com\/caminiatravel\/wp-json\/wp\/v2\/users\/2"}],"replies":[{"embeddable":true,"href":"https:\/\/www.caminiatravel.com\/caminiatravel\/wp-json\/wp\/v2\/comments?post=6663"}],"version-history":[{"count":1,"href":"https:\/\/www.caminiatravel.com\/caminiatravel\/wp-json\/wp\/v2\/posts\/6663\/revisions"}],"predecessor-version":[{"id":6664,"href":"https:\/\/www.caminiatravel.com\/caminiatravel\/wp-json\/wp\/v2\/posts\/6663\/revisions\/6664"}],"wp:featuredmedia":[{"embeddable":true,"href":"https:\/\/www.caminiatravel.com\/caminiatravel\/wp-json\/wp\/v2\/media\/6660"}],"wp:attachment":[{"href":"https:\/\/www.caminiatravel.com\/caminiatravel\/wp-json\/wp\/v2\/media?parent=6663"}],"wp:term":[{"taxonomy":"category","embeddable":true,"href":"https:\/\/www.caminiatravel.com\/caminiatravel\/wp-json\/wp\/v2\/categories?post=6663"},{"taxonomy":"post_tag","embeddable":true,"href":"https:\/\/www.caminiatravel.com\/caminiatravel\/wp-json\/wp\/v2\/tags?post=6663"}],"curies":[{"name":"wp","href":"https:\/\/api.w.org\/{rel}","templated":true}]}}